{"id":584,"date":"2019-06-02T09:19:15","date_gmt":"2019-06-02T08:19:15","guid":{"rendered":"http:\/\/www.praha-mecholupy.cz\/ravennska.321-322\/?p=584"},"modified":"2019-06-02T09:19:15","modified_gmt":"2019-06-02T08:19:15","slug":"odstavka-teple-vody-2019","status":"publish","type":"post","link":"https:\/\/www.praha-mecholupy.cz\/ravennska.321-322\/?p=584","title":{"rendered":"Odst\u00e1vka tepl\u00e9 vody 2019"},"content":{"rendered":"\n<p>Dovolujeme si upozornit, \u017ee Pra\u017esk\u00e1 tepl\u00e1rensk\u00e1 n\u00e1m ohl\u00e1sila na leto\u0161n\u00ed rok term\u00edn odst\u00e1vky od 16.7.2019 do p\u016flnoci 22.7.2019. V tomto obdob\u00ed lze p\u0159edpokl\u00e1dat, \u017ee nepote\u010de tepl\u00e1 voda v obou na\u0161ich vchodech.<br>Je mo\u017en\u00e9, \u017ee dodavatel obnov\u00ed dod\u00e1vky p\u0159ed koncem nahl\u00e1\u0161en\u00e9 odst\u00e1vky.<\/p>\n","protected":false},"excerpt":{"rendered":"<p>Dovolujeme si upozornit, \u017ee Pra\u017esk\u00e1 tepl\u00e1rensk\u00e1 n\u00e1m ohl\u00e1sila na leto\u0161n\u00ed rok term\u00edn odst\u00e1vky od 16.7.2019 do p\u016flnoci 22.7.2019. V tomto obdob\u00ed lze p\u0159edpokl\u00e1dat, \u017ee nepote\u010de tepl\u00e1 voda v obou na\u0161ich vchodech.Je mo\u017en\u00e9, \u017ee dodavatel obnov\u00ed dod\u00e1vky p\u0159ed koncem nahl\u00e1\u0161en\u00e9 odst\u00e1vky.<\/p>\n","protected":false},"author":2,"featured_media":0,"comment_status":"closed","ping_status":"open","sticky":false,"template":"","format":"standard","meta":{"footnotes":""},"categories":[1],"tags":[],"class_list":["post-584","post","type-post","status-publish","format-standard","hentry","category-nezarazene"],"_links":{"self":[{"href":"https:\/\/www.praha-mecholupy.cz\/ravennska.321-322\/index.php?rest_route=\/wp\/v2\/posts\/584","targetHints":{"allow":["GET"]}}],"collection":[{"href":"https:\/\/www.praha-mecholupy.cz\/ravennska.321-322\/index.php?rest_route=\/wp\/v2\/posts"}],"about":[{"href":"https:\/\/www.praha-mecholupy.cz\/ravennska.321-322\/index.php?rest_route=\/wp\/v2\/types\/post"}],"author":[{"embeddable":true,"href":"https:\/\/www.praha-mecholupy.cz\/ravennska.321-322\/index.php?rest_route=\/wp\/v2\/users\/2"}],"replies":[{"embeddable":true,"href":"https:\/\/www.praha-mecholupy.cz\/ravennska.321-322\/index.php?rest_route=%2Fwp%2Fv2%2Fcomments&post=584"}],"version-history":[{"count":1,"href":"https:\/\/www.praha-mecholupy.cz\/ravennska.321-322\/index.php?rest_route=\/wp\/v2\/posts\/584\/revisions"}],"predecessor-version":[{"id":585,"href":"https:\/\/www.praha-mecholupy.cz\/ravennska.321-322\/index.php?rest_route=\/wp\/v2\/posts\/584\/revisions\/585"}],"wp:attachment":[{"href":"https:\/\/www.praha-mecholupy.cz\/ravennska.321-322\/index.php?rest_route=%2Fwp%2Fv2%2Fmedia&parent=584"}],"wp:term":[{"taxonomy":"category","embeddable":true,"href":"https:\/\/www.praha-mecholupy.cz\/ravennska.321-322\/index.php?rest_route=%2Fwp%2Fv2%2Fcategories&post=584"},{"taxonomy":"post_tag","embeddable":true,"href":"https:\/\/www.praha-mecholupy.cz\/ravennska.321-322\/index.php?rest_route=%2Fwp%2Fv2%2Ftags&post=584"}],"curies":[{"name":"wp","href":"https:\/\/api.w.org\/{rel}","templated":true}]}}